{"id":34515,"date":"2026-08-11T12:00:00","date_gmt":"2026-08-11T12:00:00","guid":{"rendered":"https:\/\/www.agorabcn.com\/?p=34515"},"modified":"2026-08-06T08:51:14","modified_gmt":"2026-08-06T08:51:14","slug":"cuina-compartida-residencia-universitaria","status":"publish","type":"post","link":"https:\/\/www.agorabcn.com\/ca\/cuina-compartida-residencia-universitaria\/","title":{"rendered":"Cuina compartida i conviv\u00e8ncia: Regles d&#8217;or per a gaudir de la vida en la resid\u00e8ncia"},"content":{"rendered":"\n<figure class=\"wp-block-image size-large\"><img loading=\"lazy\" decoding=\"async\" width=\"1024\" height=\"768\" src=\"https:\/\/www.agorabcn.com\/wp-content\/uploads\/2026\/08\/Image-25-1-1-1024x768.jpg\" alt=\"\" class=\"wp-image-34519\" srcset=\"https:\/\/www.agorabcn.com\/wp-content\/uploads\/2026\/08\/Image-25-1-1-1024x768.jpg 1024w, https:\/\/www.agorabcn.com\/wp-content\/uploads\/2026\/08\/Image-25-1-1-768x576.jpg 768w, https:\/\/www.agorabcn.com\/wp-content\/uploads\/2026\/08\/Image-25-1-1-1536x1152.jpg 1536w, https:\/\/www.agorabcn.com\/wp-content\/uploads\/2026\/08\/Image-25-1-1-2048x1536.jpg 2048w\" sizes=\"auto, (max-width: 1024px) 100vw, 1024px\" \/><\/figure>\n\n\n\n<p class=\"wp-block-paragraph\">Viure en una resid\u00e8ncia universit\u00e0ria tamb\u00e9 significa gaudir de la flexibilitat de poder preparar els teus propis plats quan et vingui de gust. La cuina compartida \u00e9s un d&#8217;aquests espais que fan m\u00e9s c\u00f2mode el dia a dia i, a m\u00e9s, un lloc on con\u00e8ixer a altres residents, compartir receptes o descobrir sabors de diferents parts del m\u00f3n. La cuina compartida i la conviv\u00e8ncia en una resid\u00e8ncia universit\u00e0ria s\u00f3n fonamentals perqu\u00e8 tots puguin gaudir d&#8217;aquest espai com\u00fa.<\/p>\n\n\n\n<p class=\"wp-block-paragraph\">Com qualsevol espai d&#8217;\u00fas com\u00fa, perqu\u00e8 tots puguin gaudir-ho \u00e9s important seguir unes senzilles normes de conviv\u00e8ncia. Petits gestos que ajuden a crear un ambient agradable i fan que l&#8217;experi\u00e8ncia de viure en comunitat sigui molt&nbsp;mejo<\/p>\n\n\n\n<h2 class=\"wp-block-heading\">Un espai per a cuinar, compartir i connectar<\/h2>\n\n\n\n<p class=\"wp-block-paragraph\">La cuina compartida \u00e9s molt m\u00e9s que un lloc on cuinar. \u00c9s un punt de trobada on estudiants de diferents ciutats i pa\u00efsos coincideixen, intercanvien experi\u00e8ncies i comparteixen moments quotidians.<\/p>\n\n\n\n<p class=\"wp-block-paragraph\">Al ser un espai d&#8217;\u00fas com\u00fa, \u00e9s important utilitzar-lo amb responsabilitat. Respectar les instal\u00b7lacions, el material i als altres residents contribueix al fet que tots puguin gaudir d&#8217;aquest servei en les millors condicions.<\/p>\n\n\n\n<h2 class=\"wp-block-heading\">Mantingues la cuina neta despr\u00e9s de cuinar<\/h2>\n\n\n\n<p class=\"wp-block-paragraph\">Una de les normes m\u00e9s importants \u00e9s deixar la cuina tal com t&#8217;agradaria trobar-la. Dedicar uns minuts a recollir i netejar quan acabes marca la difer\u00e8ncia per a tots els residents.<\/p>\n\n\n\n<h3 class=\"wp-block-heading\">Qu\u00e8 hauries de fer abans de sortir de la cuina?<\/h3>\n\n\n\n<ul class=\"wp-block-list\">\n<li>Netejar la placa de cocci\u00f3.<\/li>\n\n\n\n<li>Rentar els utensilis utilitzats.<\/li>\n\n\n\n<li>Assecar i guardar cada element en el seu lloc.<\/li>\n\n\n\n<li>Recollir qualsevol resta de menjar.<\/li>\n\n\n\n<li>Comprovar que tot quedi ordenat per al seg\u00fcent resident.<\/li>\n<\/ul>\n\n\n\n<p class=\"wp-block-paragraph\">Mantenir la cuina neta facilita la conviv\u00e8ncia i permet que qualsevol resident pugui utilitzar l&#8217;espai c\u00f2modament.<\/p>\n\n\n\n<h2 class=\"wp-block-heading\">Cuida el material compartit<\/h2>\n\n\n\n<p class=\"wp-block-paragraph\">La cuina est\u00e0 equipada amb utensilis i equipament pensats perqu\u00e8 tots els residents puguin utilitzar-los.<\/p>\n\n\n\n<p class=\"wp-block-paragraph\">Per aix\u00f2 \u00e9s important fer un \u00fas responsable del material, evitant danys innecessaris i retornant sempre cada element al seu lloc una vegada acabat.<\/p>\n\n\n\n<p class=\"wp-block-paragraph\">Cuidar els recursos compartits \u00e9s una manera de cuidar tamb\u00e9 a tota la comunitat.<\/p>\n\n\n\n<h2 class=\"wp-block-heading\">Respecta el temps i l&#8217;espai dels altres<\/h2>\n\n\n\n<p class=\"wp-block-paragraph\">Hi ha moments del dia en qu\u00e8 diversos residents poden voler utilitzar la cuina al mateix temps. Si veus que hi ha m\u00e9s persones esperant, intenta organitzar-te per a aprofitar l&#8217;espai de manera responsable i no ocupar-lo m\u00e9s temps del necessari.<\/p>\n\n\n\n<p class=\"wp-block-paragraph\">La conviv\u00e8ncia tamb\u00e9 consisteix a pensar en els qui comparteixen el dia a dia amb tu.<\/p>\n\n\n\n<h2 class=\"wp-block-heading\">Crea un ambient agradable per a tots<\/h2>\n\n\n\n<p class=\"wp-block-paragraph\">La cuina sol ser un dels llocs on sorgeixen moltes converses de manera espont\u00e0nia. Una salutaci\u00f3, una recepta compartida o una simple xerrada mentre cuines poden convertir-se en l&#8217;inici d&#8217;una nova amistat.<\/p>\n\n\n\n<h3 class=\"wp-block-heading\">Petits gestos que milloren la conviv\u00e8ncia<\/h3>\n\n\n\n<ul class=\"wp-block-list\">\n<li>Parla amb un to de veu adequat.<\/li>\n\n\n\n<li>Respecta els horaris de descans d&#8217;altres residents.<\/li>\n\n\n\n<li>Deixa l&#8217;espai ordenat quan acabis.<\/li>\n\n\n\n<li>Fes un \u00fas responsable de les instal\u00b7lacions.<\/li>\n<\/ul>\n\n\n\n<h2 class=\"wp-block-heading\">Separa correctament els residus<\/h2>\n\n\n\n<p class=\"wp-block-paragraph\">Mantenir la cuina en bones condicions tamb\u00e9 implica fer un bon \u00fas dels contenidors.Separar correctament els residus i dipositar-los on correspon ajuda a mantenir l&#8217;espai net i fomenta h\u00e0bits m\u00e9s sostenibles dins de la resid\u00e8ncia.<\/p>\n\n\n\n<p class=\"wp-block-paragraph\">\u00c9s un gest senzill que beneficia a tota la comunitat.<\/p>\n\n\n\n<h2 class=\"wp-block-heading\">La conviv\u00e8ncia comen\u00e7a amb els petits detalls<\/h2>\n\n\n\n<p class=\"wp-block-paragraph\">Viure en una resid\u00e8ncia universit\u00e0ria \u00e9s una oportunitat per a con\u00e8ixer persones de diferents cultures, compartir experi\u00e8ncies i aprendre a conviure en un entorn com\u00fa.<\/p>\n\n\n\n<p class=\"wp-block-paragraph\">La cuina compartida i la conviv\u00e8ncia en una resid\u00e8ncia universit\u00e0ria s\u00f3n part essencial d&#8217;aquesta experi\u00e8ncia. Respectar les normes b\u00e0siques, cuidar el material i pensar en els altres contribueix a crear un ambient c\u00f2mode, net i agradable per a tots.<\/p>\n\n\n\n<p class=\"wp-block-paragraph\">A <a href=\"https:\/\/www.agorabcn.com\/ca\/\" data-type=\"link\" data-id=\"https:\/\/www.agorabcn.com\/ca\/\">\u00c0gora BCN<\/a> creiem que les millors experi\u00e8ncies neixen dels petits gestos. Perqu\u00e8 conviure no \u00e9s nom\u00e9s compartir un espai, sin\u00f3 construir una comunitat basada en el respecte, la col\u00b7laboraci\u00f3 i el benestar de tots.<\/p>\n","protected":false},"excerpt":{"rendered":"<p>Viure en una resid\u00e8ncia universit\u00e0ria tamb\u00e9 significa gaudir de la flexibilitat de poder preparar els teus propis plats quan et vingui de gust. La cuina compartida \u00e9s un d&#8217;aquests espais que fan m\u00e9s c\u00f2mode el dia a dia i, a m\u00e9s, un lloc on con\u00e8ixer a altres residents, compartir receptes o descobrir sabors de diferents [&hellip;]<\/p>\n","protected":false},"author":1,"featured_media":34514,"comment_status":"open","ping_status":"open","sticky":false,"template":"","format":"standard","meta":{"_acf_changed":false,"footnotes":""},"categories":[5],"tags":[],"class_list":["post-34515","post","type-post","status-publish","format-standard","has-post-thumbnail","hentry","category-uncategorized-ca"],"acf":[],"yoast_head":"<!-- This site is optimized with the Yoast SEO plugin v28.3 - https:\/\/yoast.com\/product\/yoast-seo-wordpress\/ -->\n<title>Cuina compartida en una resid\u00e8ncia universit\u00e0ria - \u00c0gora Bcn<\/title>\n<meta name=\"description\" content=\"Descobreix com gaudir de la cuina compartida en una resid\u00e8ncia universit\u00e0ria seguint unes normes b\u00e0siques de conviv\u00e8ncia, ordre i respecte.\" \/>\n<meta name=\"robots\" content=\"index, follow, max-snippet:-1, max-image-preview:large, max-video-preview:-1\" \/>\n<link rel=\"canonical\" href=\"https:\/\/www.agorabcn.com\/ca\/cuina-compartida-residencia-universitaria\/\" \/>\n<meta property=\"og:locale\" content=\"ca_ES\" \/>\n<meta property=\"og:type\" content=\"article\" \/>\n<meta property=\"og:title\" content=\"Cuina compartida en una resid\u00e8ncia universit\u00e0ria - \u00c0gora Bcn\" \/>\n<meta property=\"og:description\" content=\"Descobreix com gaudir de la cuina compartida en una resid\u00e8ncia universit\u00e0ria seguint unes normes b\u00e0siques de conviv\u00e8ncia, ordre i respecte.\" \/>\n<meta property=\"og:url\" content=\"https:\/\/www.agorabcn.com\/ca\/cuina-compartida-residencia-universitaria\/\" \/>\n<meta property=\"og:site_name\" content=\"\u00c0gora Bcn\" \/>\n<meta property=\"article:published_time\" content=\"2026-08-11T12:00:00+00:00\" \/>\n<meta property=\"og:image\" content=\"https:\/\/www.agorabcn.com\/wp-content\/uploads\/2026\/08\/Image-25-1-1-1024x768.jpg\" \/>\n<meta name=\"author\" content=\"agora\" \/>\n<meta name=\"twitter:card\" content=\"summary_large_image\" \/>\n<meta name=\"twitter:label1\" content=\"Escrit per\" \/>\n\t<meta name=\"twitter:data1\" content=\"agora\" \/>\n\t<meta name=\"twitter:label2\" content=\"Temps estimat de lectura\" \/>\n\t<meta name=\"twitter:data2\" content=\"4 minuts\" \/>\n<script type=\"application\/ld+json\" class=\"yoast-schema-graph\">{\"@context\":\"https:\\\/\\\/schema.org\",\"@graph\":[{\"@type\":\"Article\",\"@id\":\"https:\\\/\\\/www.agorabcn.com\\\/ca\\\/cuina-compartida-residencia-universitaria\\\/#article\",\"isPartOf\":{\"@id\":\"https:\\\/\\\/www.agorabcn.com\\\/ca\\\/cuina-compartida-residencia-universitaria\\\/\"},\"author\":{\"name\":\"agora\",\"@id\":\"https:\\\/\\\/www.agorabcn.com\\\/ca\\\/#\\\/schema\\\/person\\\/407a06fc4aa2da82e31f5c1c093bff37\"},\"headline\":\"Cuina compartida i conviv\u00e8ncia: Regles d&#8217;or per a gaudir de la vida en la resid\u00e8ncia\",\"datePublished\":\"2026-08-11T12:00:00+00:00\",\"mainEntityOfPage\":{\"@id\":\"https:\\\/\\\/www.agorabcn.com\\\/ca\\\/cuina-compartida-residencia-universitaria\\\/\"},\"wordCount\":697,\"commentCount\":0,\"image\":{\"@id\":\"https:\\\/\\\/www.agorabcn.com\\\/ca\\\/cuina-compartida-residencia-universitaria\\\/#primaryimage\"},\"thumbnailUrl\":\"https:\\\/\\\/www.agorabcn.com\\\/wp-content\\\/uploads\\\/2026\\\/08\\\/Image-25-1-scaled.jpg\",\"articleSection\":[\"Uncategorized @ca\"],\"inLanguage\":\"ca\",\"potentialAction\":[{\"@type\":\"CommentAction\",\"name\":\"Comment\",\"target\":[\"https:\\\/\\\/www.agorabcn.com\\\/ca\\\/cuina-compartida-residencia-universitaria\\\/#respond\"]}]},{\"@type\":\"WebPage\",\"@id\":\"https:\\\/\\\/www.agorabcn.com\\\/ca\\\/cuina-compartida-residencia-universitaria\\\/\",\"url\":\"https:\\\/\\\/www.agorabcn.com\\\/ca\\\/cuina-compartida-residencia-universitaria\\\/\",\"name\":\"Cuina compartida en una resid\u00e8ncia universit\u00e0ria - \u00c0gora Bcn\",\"isPartOf\":{\"@id\":\"https:\\\/\\\/www.agorabcn.com\\\/ca\\\/#website\"},\"primaryImageOfPage\":{\"@id\":\"https:\\\/\\\/www.agorabcn.com\\\/ca\\\/cuina-compartida-residencia-universitaria\\\/#primaryimage\"},\"image\":{\"@id\":\"https:\\\/\\\/www.agorabcn.com\\\/ca\\\/cuina-compartida-residencia-universitaria\\\/#primaryimage\"},\"thumbnailUrl\":\"https:\\\/\\\/www.agorabcn.com\\\/wp-content\\\/uploads\\\/2026\\\/08\\\/Image-25-1-scaled.jpg\",\"datePublished\":\"2026-08-11T12:00:00+00:00\",\"author\":{\"@id\":\"https:\\\/\\\/www.agorabcn.com\\\/ca\\\/#\\\/schema\\\/person\\\/407a06fc4aa2da82e31f5c1c093bff37\"},\"description\":\"Descobreix com gaudir de la cuina compartida en una resid\u00e8ncia universit\u00e0ria seguint unes normes b\u00e0siques de conviv\u00e8ncia, ordre i respecte.\",\"breadcrumb\":{\"@id\":\"https:\\\/\\\/www.agorabcn.com\\\/ca\\\/cuina-compartida-residencia-universitaria\\\/#breadcrumb\"},\"inLanguage\":\"ca\",\"potentialAction\":[{\"@type\":\"ReadAction\",\"target\":[\"https:\\\/\\\/www.agorabcn.com\\\/ca\\\/cuina-compartida-residencia-universitaria\\\/\"]}]},{\"@type\":\"ImageObject\",\"inLanguage\":\"ca\",\"@id\":\"https:\\\/\\\/www.agorabcn.com\\\/ca\\\/cuina-compartida-residencia-universitaria\\\/#primaryimage\",\"url\":\"https:\\\/\\\/www.agorabcn.com\\\/wp-content\\\/uploads\\\/2026\\\/08\\\/Image-25-1-scaled.jpg\",\"contentUrl\":\"https:\\\/\\\/www.agorabcn.com\\\/wp-content\\\/uploads\\\/2026\\\/08\\\/Image-25-1-scaled.jpg\",\"width\":2560,\"height\":1920},{\"@type\":\"BreadcrumbList\",\"@id\":\"https:\\\/\\\/www.agorabcn.com\\\/ca\\\/cuina-compartida-residencia-universitaria\\\/#breadcrumb\",\"itemListElement\":[{\"@type\":\"ListItem\",\"position\":1,\"name\":\"Portada\",\"item\":\"https:\\\/\\\/www.agorabcn.com\\\/ca\\\/\"},{\"@type\":\"ListItem\",\"position\":2,\"name\":\"Cuina compartida i conviv\u00e8ncia: Regles d&#8217;or per a gaudir de la vida en la resid\u00e8ncia\"}]},{\"@type\":\"WebSite\",\"@id\":\"https:\\\/\\\/www.agorabcn.com\\\/ca\\\/#website\",\"url\":\"https:\\\/\\\/www.agorabcn.com\\\/ca\\\/\",\"name\":\"\u00c0gora Bcn\",\"description\":\"Residencia universitaria internacional en Barcelona\",\"potentialAction\":[{\"@type\":\"SearchAction\",\"target\":{\"@type\":\"EntryPoint\",\"urlTemplate\":\"https:\\\/\\\/www.agorabcn.com\\\/ca\\\/?s={search_term_string}\"},\"query-input\":{\"@type\":\"PropertyValueSpecification\",\"valueRequired\":true,\"valueName\":\"search_term_string\"}}],\"inLanguage\":\"ca\"},{\"@type\":\"Person\",\"@id\":\"https:\\\/\\\/www.agorabcn.com\\\/ca\\\/#\\\/schema\\\/person\\\/407a06fc4aa2da82e31f5c1c093bff37\",\"name\":\"agora\",\"image\":{\"@type\":\"ImageObject\",\"inLanguage\":\"ca\",\"@id\":\"https:\\\/\\\/secure.gravatar.com\\\/avatar\\\/27dd34732f0592568c09499a9086f0731cbd7f45bd7f1aaef300c683ee294ecf?s=96&d=mm&r=g\",\"url\":\"https:\\\/\\\/secure.gravatar.com\\\/avatar\\\/27dd34732f0592568c09499a9086f0731cbd7f45bd7f1aaef300c683ee294ecf?s=96&d=mm&r=g\",\"contentUrl\":\"https:\\\/\\\/secure.gravatar.com\\\/avatar\\\/27dd34732f0592568c09499a9086f0731cbd7f45bd7f1aaef300c683ee294ecf?s=96&d=mm&r=g\",\"caption\":\"agora\"},\"sameAs\":[\"http:\\\/\\\/127.0.0.1\"],\"url\":\"https:\\\/\\\/www.agorabcn.com\\\/ca\\\/author\\\/agora\\\/\"}]}<\/script>\n<!-- \/ Yoast SEO plugin. -->","yoast_head_json":{"title":"Cuina compartida en una resid\u00e8ncia universit\u00e0ria - \u00c0gora Bcn","description":"Descobreix com gaudir de la cuina compartida en una resid\u00e8ncia universit\u00e0ria seguint unes normes b\u00e0siques de conviv\u00e8ncia, ordre i respecte.","robots":{"index":"index","follow":"follow","max-snippet":"max-snippet:-1","max-image-preview":"max-image-preview:large","max-video-preview":"max-video-preview:-1"},"canonical":"https:\/\/www.agorabcn.com\/ca\/cuina-compartida-residencia-universitaria\/","og_locale":"ca_ES","og_type":"article","og_title":"Cuina compartida en una resid\u00e8ncia universit\u00e0ria - \u00c0gora Bcn","og_description":"Descobreix com gaudir de la cuina compartida en una resid\u00e8ncia universit\u00e0ria seguint unes normes b\u00e0siques de conviv\u00e8ncia, ordre i respecte.","og_url":"https:\/\/www.agorabcn.com\/ca\/cuina-compartida-residencia-universitaria\/","og_site_name":"\u00c0gora Bcn","article_published_time":"2026-08-11T12:00:00+00:00","og_image":[{"url":"https:\/\/www.agorabcn.com\/wp-content\/uploads\/2026\/08\/Image-25-1-1-1024x768.jpg","type":"","width":"","height":""}],"author":"agora","twitter_card":"summary_large_image","twitter_misc":{"Escrit per":"agora","Temps estimat de lectura":"4 minuts"},"schema":{"@context":"https:\/\/schema.org","@graph":[{"@type":"Article","@id":"https:\/\/www.agorabcn.com\/ca\/cuina-compartida-residencia-universitaria\/#article","isPartOf":{"@id":"https:\/\/www.agorabcn.com\/ca\/cuina-compartida-residencia-universitaria\/"},"author":{"name":"agora","@id":"https:\/\/www.agorabcn.com\/ca\/#\/schema\/person\/407a06fc4aa2da82e31f5c1c093bff37"},"headline":"Cuina compartida i conviv\u00e8ncia: Regles d&#8217;or per a gaudir de la vida en la resid\u00e8ncia","datePublished":"2026-08-11T12:00:00+00:00","mainEntityOfPage":{"@id":"https:\/\/www.agorabcn.com\/ca\/cuina-compartida-residencia-universitaria\/"},"wordCount":697,"commentCount":0,"image":{"@id":"https:\/\/www.agorabcn.com\/ca\/cuina-compartida-residencia-universitaria\/#primaryimage"},"thumbnailUrl":"https:\/\/www.agorabcn.com\/wp-content\/uploads\/2026\/08\/Image-25-1-scaled.jpg","articleSection":["Uncategorized @ca"],"inLanguage":"ca","potentialAction":[{"@type":"CommentAction","name":"Comment","target":["https:\/\/www.agorabcn.com\/ca\/cuina-compartida-residencia-universitaria\/#respond"]}]},{"@type":"WebPage","@id":"https:\/\/www.agorabcn.com\/ca\/cuina-compartida-residencia-universitaria\/","url":"https:\/\/www.agorabcn.com\/ca\/cuina-compartida-residencia-universitaria\/","name":"Cuina compartida en una resid\u00e8ncia universit\u00e0ria - \u00c0gora Bcn","isPartOf":{"@id":"https:\/\/www.agorabcn.com\/ca\/#website"},"primaryImageOfPage":{"@id":"https:\/\/www.agorabcn.com\/ca\/cuina-compartida-residencia-universitaria\/#primaryimage"},"image":{"@id":"https:\/\/www.agorabcn.com\/ca\/cuina-compartida-residencia-universitaria\/#primaryimage"},"thumbnailUrl":"https:\/\/www.agorabcn.com\/wp-content\/uploads\/2026\/08\/Image-25-1-scaled.jpg","datePublished":"2026-08-11T12:00:00+00:00","author":{"@id":"https:\/\/www.agorabcn.com\/ca\/#\/schema\/person\/407a06fc4aa2da82e31f5c1c093bff37"},"description":"Descobreix com gaudir de la cuina compartida en una resid\u00e8ncia universit\u00e0ria seguint unes normes b\u00e0siques de conviv\u00e8ncia, ordre i respecte.","breadcrumb":{"@id":"https:\/\/www.agorabcn.com\/ca\/cuina-compartida-residencia-universitaria\/#breadcrumb"},"inLanguage":"ca","potentialAction":[{"@type":"ReadAction","target":["https:\/\/www.agorabcn.com\/ca\/cuina-compartida-residencia-universitaria\/"]}]},{"@type":"ImageObject","inLanguage":"ca","@id":"https:\/\/www.agorabcn.com\/ca\/cuina-compartida-residencia-universitaria\/#primaryimage","url":"https:\/\/www.agorabcn.com\/wp-content\/uploads\/2026\/08\/Image-25-1-scaled.jpg","contentUrl":"https:\/\/www.agorabcn.com\/wp-content\/uploads\/2026\/08\/Image-25-1-scaled.jpg","width":2560,"height":1920},{"@type":"BreadcrumbList","@id":"https:\/\/www.agorabcn.com\/ca\/cuina-compartida-residencia-universitaria\/#breadcrumb","itemListElement":[{"@type":"ListItem","position":1,"name":"Portada","item":"https:\/\/www.agorabcn.com\/ca\/"},{"@type":"ListItem","position":2,"name":"Cuina compartida i conviv\u00e8ncia: Regles d&#8217;or per a gaudir de la vida en la resid\u00e8ncia"}]},{"@type":"WebSite","@id":"https:\/\/www.agorabcn.com\/ca\/#website","url":"https:\/\/www.agorabcn.com\/ca\/","name":"\u00c0gora Bcn","description":"Residencia universitaria internacional en Barcelona","potentialAction":[{"@type":"SearchAction","target":{"@type":"EntryPoint","urlTemplate":"https:\/\/www.agorabcn.com\/ca\/?s={search_term_string}"},"query-input":{"@type":"PropertyValueSpecification","valueRequired":true,"valueName":"search_term_string"}}],"inLanguage":"ca"},{"@type":"Person","@id":"https:\/\/www.agorabcn.com\/ca\/#\/schema\/person\/407a06fc4aa2da82e31f5c1c093bff37","name":"agora","image":{"@type":"ImageObject","inLanguage":"ca","@id":"https:\/\/secure.gravatar.com\/avatar\/27dd34732f0592568c09499a9086f0731cbd7f45bd7f1aaef300c683ee294ecf?s=96&d=mm&r=g","url":"https:\/\/secure.gravatar.com\/avatar\/27dd34732f0592568c09499a9086f0731cbd7f45bd7f1aaef300c683ee294ecf?s=96&d=mm&r=g","contentUrl":"https:\/\/secure.gravatar.com\/avatar\/27dd34732f0592568c09499a9086f0731cbd7f45bd7f1aaef300c683ee294ecf?s=96&d=mm&r=g","caption":"agora"},"sameAs":["http:\/\/127.0.0.1"],"url":"https:\/\/www.agorabcn.com\/ca\/author\/agora\/"}]}},"_links":{"self":[{"href":"https:\/\/www.agorabcn.com\/ca\/wp-json\/wp\/v2\/posts\/34515","targetHints":{"allow":["GET"]}}],"collection":[{"href":"https:\/\/www.agorabcn.com\/ca\/wp-json\/wp\/v2\/posts"}],"about":[{"href":"https:\/\/www.agorabcn.com\/ca\/wp-json\/wp\/v2\/types\/post"}],"author":[{"embeddable":true,"href":"https:\/\/www.agorabcn.com\/ca\/wp-json\/wp\/v2\/users\/1"}],"replies":[{"embeddable":true,"href":"https:\/\/www.agorabcn.com\/ca\/wp-json\/wp\/v2\/comments?post=34515"}],"version-history":[{"count":2,"href":"https:\/\/www.agorabcn.com\/ca\/wp-json\/wp\/v2\/posts\/34515\/revisions"}],"predecessor-version":[{"id":34608,"href":"https:\/\/www.agorabcn.com\/ca\/wp-json\/wp\/v2\/posts\/34515\/revisions\/34608"}],"wp:featuredmedia":[{"embeddable":true,"href":"https:\/\/www.agorabcn.com\/ca\/wp-json\/wp\/v2\/media\/34514"}],"wp:attachment":[{"href":"https:\/\/www.agorabcn.com\/ca\/wp-json\/wp\/v2\/media?parent=34515"}],"wp:term":[{"taxonomy":"category","embeddable":true,"href":"https:\/\/www.agorabcn.com\/ca\/wp-json\/wp\/v2\/categories?post=34515"},{"taxonomy":"post_tag","embeddable":true,"href":"https:\/\/www.agorabcn.com\/ca\/wp-json\/wp\/v2\/tags?post=34515"}],"curies":[{"name":"wp","href":"https:\/\/api.w.org\/{rel}","templated":true}]}}